{"id":13952,"date":"2023-08-18T20:36:33","date_gmt":"2023-08-18T18:36:33","guid":{"rendered":"https:\/\/humboldt-greifswald.de\/web\/?p=13952"},"modified":"2023-08-20T03:19:12","modified_gmt":"2023-08-20T01:19:12","slug":"zum-1-schultag-im-schuljahr-2023-24","status":"publish","type":"post","link":"https:\/\/humboldt-greifswald.de\/web\/zum-1-schultag-im-schuljahr-2023-24\/","title":{"rendered":"Zum 1. Schultag im Schuljahr 2023\/24"},"content":{"rendered":"\t\t<div data-elementor-type=\"wp-post\" data-elementor-id=\"13952\" class=\"elementor elementor-13952\">\n\t\t\t\t\t\t<section class=\"elementor-section elementor-top-section elementor-element elementor-element-3cd84cf elementor-section-boxed elementor-section-height-default elementor-section-height-default\" data-id=\"3cd84cf\" data-element_type=\"section\" data-e-type=\"section\">\n\t\t\t\t\t\t<div class=\"elementor-container elementor-column-gap-default\">\n\t\t\t\t\t<div class=\"elementor-column elementor-col-100 elementor-top-column elementor-element elementor-element-fc9c22b\" data-id=\"fc9c22b\" data-element_type=\"column\" data-e-type=\"column\">\n\t\t\t<div class=\"elementor-widget-wrap elementor-element-populated\">\n\t\t\t\t\t\t<div class=\"elementor-element elementor-element-8d1dcad elementor-widget elementor-widget-text-editor\" data-id=\"8d1dcad\" data-element_type=\"widget\" data-e-type=\"widget\" data-widget_type=\"text-editor.default\">\n\t\t\t\t<div class=\"elementor-widget-container\">\n\t\t\t\t\t\t\t\t\t<p><span style=\"font-size: 14pt;\"><em>Liebe Sch\u00fclerinnen und Sch\u00fcler des Alexander-von-Humboldt-Gymnasiums, sehr geehrte Eltern,<\/em><\/span><\/p><p>die Schulleitung und das Kollegium hoffen, dass ihr erholsame und erlebnisreiche Ferien habt, und dass ihr f\u00fcr das neue Schuljahr viel Kraft und Energie tanken k\u00f6nnt. Wir w\u00fcnschen euch schon jetzt f\u00fcr das kommende Schuljahr viel Erfolg und bestm\u00f6gliche Noten. Insbesondere begr\u00fc\u00dfen wir die Sch\u00fcler unserer neuen f\u00fcnften und siebenten Klassen, aber auch alle anderen Neuzug\u00e4nge und hoffen, dass ihr euch an unserer Schule wohl f\u00fchlen werdet.<\/p><p>Anschlie\u00dfend folgen einige<strong> wichtige Informationen zum Schuljahresauftakt 2023\/24<\/strong>.<\/p><p>Alle neuen Sch\u00fcler und die Sch\u00fcler der Oberstufe k\u00f6nnen sich anhand der am Eingang zum Hauptgeb\u00e4ude ausgeh\u00e4ngten Listen \u00fcber ihre Klassen- bzw. Kurszugeh\u00f6rigkeit und ihren Klassenleiter bzw. Tutor informieren. Die Sch\u00fcler der Klasse 11 finden diese Listen in der letzten Ferienwoche auch unter Moodle\/Informationen f\u00fcr Sch\u00fcler.<\/p><p><strong>Zum Ablauf des 1. Schultages:<\/strong><\/p><p>Der Unterricht beginnt am 28.8. mit der 2. Stunde um 8.45 Uhr (au\u00dfer bei der neuen 5. Klasse). Alle Sch\u00fcler sind ab 8.30 Uhr anwesend und begeben sich bitte in die laut Aushang vorgesehenen R\u00e4ume.<\/p><p>Die f\u00fcnfte Klasse wird von ihren Klassenleitern ab 7.30 Uhr auf dem Schulhof abgeholt, die neuen siebenten Klassen gegen 8.30 Uhr. F\u00fcr beide Klassenstufen sind Einschulungsfeiern im Saal vorgesehen.<\/p><p>Ausw\u00e4rtige Sch\u00fcler k\u00f6nnen sich wie gewohnt bereits ab um 7.00 Uhr in der Leselounge H15 aufhalten, bitte beachtet dazu die aktuellen Aush\u00e4nge. Zur Aufsicht f\u00fcr die j\u00fcngeren Sch\u00fcler stehen Mitarbeiter bereit.<\/p><table><tbody><tr><td><p>Zeit<\/p><\/td><td><p>Veranstaltung<\/p><\/td><\/tr><tr><td><p>Ab 7.15 Uhr<\/p><\/td><td><p>Aufsicht f\u00fcr ausw\u00e4rtige Sch\u00fcler<\/p><\/td><\/tr><tr><td><p>7.30 Uhr<\/p><\/td><td><p>Treffen der Sch\u00fcler der neuen 5. Klasse auf dem Schulhof Nebengeb\u00e4ude, dann Einschulungsfeier<\/p><\/td><\/tr><tr><td><p>8.30 Uhr<\/p><\/td><td><p>Treffen der Sch\u00fcler der neuen 7. Klassen auf dem Schulhof, dann Einschulungsfeier<\/p><\/td><\/tr><tr><td><p>Klassen 5-10:<br \/>2.-6. Stunde<\/p><\/td><td><p>Klassenleiterstunden; Ausgabe der Schulb\u00fccher, Schulbuchverkauf durch KL, Vorbereitung der Projektwoche (Klasse 5, 7, 9)<\/p><p>Nach Erledigung der Inhalte der Klassenleiterstunden erteilen die Klassenleiter Unterricht in ihrem Fach \/ ihren F\u00e4chern.<\/p><\/td><\/tr><tr><td><p>Klassen 11 und 12:<\/p><\/td><td><p>2.-4. Stunde: Klassenleiterstunden<\/p><p>5. und 6. Std.: Unterricht nach Sonderplan<\/p><\/td><\/tr><tr><td><p>13.25 Uhr<\/p><\/td><td><p>Ende des Unterrichts f\u00fcr die Sch\u00fcler<\/p><\/td><\/tr><tr><td><p>14.00-16.00 Uhr<\/p><\/td><td><p>Schulbuchverkauf durch Herrn B\u00fcssow, kein Unterricht<\/p><\/td><\/tr><\/tbody><\/table><p>F\u00fcr den Schulbuchverkauf ist es w\u00fcnschenswert, wenn das Geld m\u00f6glichst passend mitgebracht wird.<\/p><p>Bitte beachten Sie auch den am 28.8. aush\u00e4ngenden Vertretungsplan bez\u00fcglich eventueller \u00c4nderungen.<\/p><p>Die Termine f\u00fcr die Klassenelternversammlungen und die Wahl der Klassenelternr\u00e4te in den neuen Klassen werden durch die Klassenleiter\/Tutoren bekannt gegeben.<\/p><p>F\u00fcr eventuelle R\u00fcckfragen ist das Sekretariat ab dem 14.8. wieder zu den gewohnten Zeiten besetzt.<\/p><p>Auf unserer Homepage sinden Sie <a href=\"index.php?option=com_content&amp;view=article&amp;id=49&amp;Itemid=170\">Hinweise zur Essensversorgung<\/a> und ab der Vorbereitungswoche ein weiteres Informationsschreiben des Schulleiters \u00fcber Ver\u00e4nderungen an unserem Gymnasium im neuen Schuljahr.<\/p><p><em>U. Burmeister<\/em><\/p><p>Schulleiter<\/p>\t\t\t\t\t\t\t\t<\/div>\n\t\t\t\t<\/div>\n\t\t\t\t\t<\/div>\n\t\t<\/div>\n\t\t\t\t\t<\/div>\n\t\t<\/section>\n\t\t\t\t<\/div>\n\t\t","protected":false},"excerpt":{"rendered":"<p>Liebe Sch\u00fclerinnen und Sch\u00fcler des Alexander-von-Humboldt-Gymnasiums, sehr geehrte Eltern, die Schulleitung und das Kollegium hoffen, dass ihr erholsame und erlebnisreiche Ferien habt, und dass ihr f\u00fcr das neue Schuljahr viel Kraft und Energie tanken k\u00f6nnt. Wir w\u00fcnschen euch schon jetzt &hellip; <\/p>\n","protected":false},"author":1,"featured_media":14246,"comment_status":"closed","ping_status":"open","sticky":false,"template":"","format":"standard","meta":{"footnotes":""},"categories":[55],"tags":[],"class_list":["post-13952","post","type-post","status-publish","format-standard","has-post-thumbnail","hentry","category-schulleitung"],"_links":{"self":[{"href":"https:\/\/humboldt-greifswald.de\/web\/wp-json\/wp\/v2\/posts\/13952","targetHints":{"allow":["GET"]}}],"collection":[{"href":"https:\/\/humboldt-greifswald.de\/web\/wp-json\/wp\/v2\/posts"}],"about":[{"href":"https:\/\/humboldt-greifswald.de\/web\/wp-json\/wp\/v2\/types\/post"}],"author":[{"embeddable":true,"href":"https:\/\/humboldt-greifswald.de\/web\/wp-json\/wp\/v2\/users\/1"}],"replies":[{"embeddable":true,"href":"https:\/\/humboldt-greifswald.de\/web\/wp-json\/wp\/v2\/comments?post=13952"}],"version-history":[{"count":5,"href":"https:\/\/humboldt-greifswald.de\/web\/wp-json\/wp\/v2\/posts\/13952\/revisions"}],"predecessor-version":[{"id":14247,"href":"https:\/\/humboldt-greifswald.de\/web\/wp-json\/wp\/v2\/posts\/13952\/revisions\/14247"}],"wp:featuredmedia":[{"embeddable":true,"href":"https:\/\/humboldt-greifswald.de\/web\/wp-json\/wp\/v2\/media\/14246"}],"wp:attachment":[{"href":"https:\/\/humboldt-greifswald.de\/web\/wp-json\/wp\/v2\/media?parent=13952"}],"wp:term":[{"taxonomy":"category","embeddable":true,"href":"https:\/\/humboldt-greifswald.de\/web\/wp-json\/wp\/v2\/categories?post=13952"},{"taxonomy":"post_tag","embeddable":true,"href":"https:\/\/humboldt-greifswald.de\/web\/wp-json\/wp\/v2\/tags?post=13952"}],"curies":[{"name":"wp","href":"https:\/\/api.w.org\/{rel}","templated":true}]}}