{"id":14986,"date":"2023-07-12T03:13:00","date_gmt":"2023-07-12T01:13:00","guid":{"rendered":"https:\/\/humboldt-greifswald.de\/web\/?p=14986"},"modified":"2023-08-21T03:30:10","modified_gmt":"2023-08-21T01:30:10","slug":"das-grosse-schulhoffest-am-12-07-2023","status":"publish","type":"post","link":"https:\/\/humboldt-greifswald.de\/web\/das-grosse-schulhoffest-am-12-07-2023\/","title":{"rendered":"Das gro\u00dfe Schulhoffest am 12.07.2023"},"content":{"rendered":"\t\t<div data-elementor-type=\"wp-post\" data-elementor-id=\"14986\" class=\"elementor elementor-14986\">\n\t\t\t\t<div class=\"elementor-element elementor-element-03c79e6 e-flex e-con-boxed e-con e-parent\" data-id=\"03c79e6\" data-element_type=\"container\" data-e-type=\"container\">\n\t\t\t\t\t<div class=\"e-con-inner\">\n\t\t\t\t<div class=\"elementor-element elementor-element-1767a61 elementor-widget elementor-widget-text-editor\" data-id=\"1767a61\" data-element_type=\"widget\" data-e-type=\"widget\" data-widget_type=\"text-editor.default\">\n\t\t\t\t<div class=\"elementor-widget-container\">\n\t\t\t\t\t\t\t\t\t<p>Wie sch\u00f6n es war kann nur verstehen, wer dabei war&#8230;!<\/p><p>Ein herzliches DANKESCH\u00d6N an alle, Gro\u00df und Klein, die geplant, vorbereitet, aufgebaut, geschuftet, kreiert, gelacht, gekocht, gemixt, gesungen, getanzt, geschm\u00fcckt, gebastelt, geshoppt, gegessen, geraten, gezockt &#8230; und gro\u00df gefeiert haben!<\/p><p>Mit dabei waren unter anderem, wie auf der kleinen Bilderstrecke zu sehen (nur eine kleine Auswahl!):<\/p><ul><li>Druckwerkstatt<\/li><li>Pr\u00e4ventionsarbeit<\/li><li>Torte f\u00fcr die kreativste Idee, Gestaltung und Durchf\u00fchrung: Escape Room der 8 R<\/li><li>Preistr\u00e4ger 2023:\u00a0 Klasse 8R (Klassenlehrer Herr Harloff und Herr Schulz)<\/li><li>\u00f6ffentliche Chorprobe im Saal<\/li><li>und vieles vieles mehr!<\/li><\/ul>\t\t\t\t\t\t\t\t<\/div>\n\t\t\t\t<\/div>\n\t\t\t\t<div class=\"elementor-element elementor-element-f4b9e9c elementor-arrows-position-inside elementor-pagination-position-outside elementor-widget elementor-widget-image-carousel\" data-id=\"f4b9e9c\" data-element_type=\"widget\" data-e-type=\"widget\" data-settings=\"{&quot;navigation&quot;:&quot;both&quot;,&quot;autoplay&quot;:&quot;yes&quot;,&quot;pause_on_hover&quot;:&quot;yes&quot;,&quot;pause_on_interaction&quot;:&quot;yes&quot;,&quot;autoplay_speed&quot;:5000,&quot;infinite&quot;:&quot;yes&quot;,&quot;speed&quot;:500}\" data-widget_type=\"image-carousel.default\">\n\t\t\t\t<div class=\"elementor-widget-container\">\n\t\t\t\t\t\t\t<div class=\"elementor-image-carousel-wrapper swiper\" role=\"region\" aria-roledescription=\"carousel\" aria-label=\"Bild Karussell\" dir=\"ltr\">\n\t\t\t<div class=\"elementor-image-carousel swiper-wrapper\" aria-live=\"off\">\n\t\t\t\t\t\t\t\t<div class=\"swiper-slide\" role=\"group\" aria-roledescription=\"slide\" aria-label=\"1 von 7\"><a data-elementor-open-lightbox=\"yes\" data-elementor-lightbox-slideshow=\"f4b9e9c\" data-elementor-lightbox-title=\"Schulhoffest 2023_1\" data-e-action-hash=\"#elementor-action%3Aaction%3Dlightbox%26settings%3DeyJpZCI6MTUwMzQsInVybCI6Imh0dHBzOlwvXC9odW1ib2xkdC1ncmVpZnN3YWxkLmRlXC93ZWJcL3dwLWNvbnRlbnRcL3VwbG9hZHNcLzIwMjNcLzA4XC9TY2h1bGhvZmZlc3QtMjAyM18xLmpwZyIsInNsaWRlc2hvdyI6ImY0YjllOWMifQ%3D%3D\" href=\"https:\/\/humboldt-greifswald.de\/web\/wp-content\/uploads\/2023\/08\/Schulhoffest-2023_1.jpg\"><figure class=\"swiper-slide-inner\"><img decoding=\"async\" class=\"swiper-slide-image\" src=\"https:\/\/humboldt-greifswald.de\/web\/wp-content\/uploads\/2023\/08\/Schulhoffest-2023_1-225x300.jpg\" alt=\"Schulhoffest 2023_1\" \/><\/figure><\/a><\/div><div class=\"swiper-slide\" role=\"group\" aria-roledescription=\"slide\" aria-label=\"2 von 7\"><a data-elementor-open-lightbox=\"yes\" data-elementor-lightbox-slideshow=\"f4b9e9c\" data-elementor-lightbox-title=\"Schulhoffest 2023_2\" data-e-action-hash=\"#elementor-action%3Aaction%3Dlightbox%26settings%3DeyJpZCI6MTUwMzUsInVybCI6Imh0dHBzOlwvXC9odW1ib2xkdC1ncmVpZnN3YWxkLmRlXC93ZWJcL3dwLWNvbnRlbnRcL3VwbG9hZHNcLzIwMjNcLzA4XC9TY2h1bGhvZmZlc3QtMjAyM18yLmpwZyIsInNsaWRlc2hvdyI6ImY0YjllOWMifQ%3D%3D\" href=\"https:\/\/humboldt-greifswald.de\/web\/wp-content\/uploads\/2023\/08\/Schulhoffest-2023_2.jpg\"><figure class=\"swiper-slide-inner\"><img decoding=\"async\" class=\"swiper-slide-image\" src=\"https:\/\/humboldt-greifswald.de\/web\/wp-content\/uploads\/2023\/08\/Schulhoffest-2023_2-300x225.jpg\" alt=\"Schulhoffest 2023_2\" \/><\/figure><\/a><\/div><div class=\"swiper-slide\" role=\"group\" aria-roledescription=\"slide\" aria-label=\"3 von 7\"><a data-elementor-open-lightbox=\"yes\" data-elementor-lightbox-slideshow=\"f4b9e9c\" data-elementor-lightbox-title=\"Schulhoffest 2023_3\" data-e-action-hash=\"#elementor-action%3Aaction%3Dlightbox%26settings%3DeyJpZCI6MTUwMzYsInVybCI6Imh0dHBzOlwvXC9odW1ib2xkdC1ncmVpZnN3YWxkLmRlXC93ZWJcL3dwLWNvbnRlbnRcL3VwbG9hZHNcLzIwMjNcLzA4XC9TY2h1bGhvZmZlc3QtMjAyM18zLmpwZyIsInNsaWRlc2hvdyI6ImY0YjllOWMifQ%3D%3D\" href=\"https:\/\/humboldt-greifswald.de\/web\/wp-content\/uploads\/2023\/08\/Schulhoffest-2023_3.jpg\"><figure class=\"swiper-slide-inner\"><img decoding=\"async\" class=\"swiper-slide-image\" src=\"https:\/\/humboldt-greifswald.de\/web\/wp-content\/uploads\/2023\/08\/Schulhoffest-2023_3-300x225.jpg\" alt=\"Schulhoffest 2023_3\" \/><\/figure><\/a><\/div><div class=\"swiper-slide\" role=\"group\" aria-roledescription=\"slide\" aria-label=\"4 von 7\"><a data-elementor-open-lightbox=\"yes\" data-elementor-lightbox-slideshow=\"f4b9e9c\" data-elementor-lightbox-title=\"Schulhoffest 2023_4\" data-e-action-hash=\"#elementor-action%3Aaction%3Dlightbox%26settings%3DeyJpZCI6MTUwMzcsInVybCI6Imh0dHBzOlwvXC9odW1ib2xkdC1ncmVpZnN3YWxkLmRlXC93ZWJcL3dwLWNvbnRlbnRcL3VwbG9hZHNcLzIwMjNcLzA4XC9TY2h1bGhvZmZlc3QtMjAyM180LmpwZyIsInNsaWRlc2hvdyI6ImY0YjllOWMifQ%3D%3D\" href=\"https:\/\/humboldt-greifswald.de\/web\/wp-content\/uploads\/2023\/08\/Schulhoffest-2023_4.jpg\"><figure class=\"swiper-slide-inner\"><img decoding=\"async\" class=\"swiper-slide-image\" src=\"https:\/\/humboldt-greifswald.de\/web\/wp-content\/uploads\/2023\/08\/Schulhoffest-2023_4-225x300.jpg\" alt=\"Schulhoffest 2023_4\" \/><\/figure><\/a><\/div><div class=\"swiper-slide\" role=\"group\" aria-roledescription=\"slide\" aria-label=\"5 von 7\"><a data-elementor-open-lightbox=\"yes\" data-elementor-lightbox-slideshow=\"f4b9e9c\" data-elementor-lightbox-title=\"Schulhoffest 2023_5\" data-e-action-hash=\"#elementor-action%3Aaction%3Dlightbox%26settings%3DeyJpZCI6MTUwMzgsInVybCI6Imh0dHBzOlwvXC9odW1ib2xkdC1ncmVpZnN3YWxkLmRlXC93ZWJcL3dwLWNvbnRlbnRcL3VwbG9hZHNcLzIwMjNcLzA4XC9TY2h1bGhvZmZlc3QtMjAyM181LmpwZyIsInNsaWRlc2hvdyI6ImY0YjllOWMifQ%3D%3D\" href=\"https:\/\/humboldt-greifswald.de\/web\/wp-content\/uploads\/2023\/08\/Schulhoffest-2023_5.jpg\"><figure class=\"swiper-slide-inner\"><img decoding=\"async\" class=\"swiper-slide-image\" src=\"https:\/\/humboldt-greifswald.de\/web\/wp-content\/uploads\/2023\/08\/Schulhoffest-2023_5-225x300.jpg\" alt=\"Schulhoffest 2023_5\" \/><\/figure><\/a><\/div><div class=\"swiper-slide\" role=\"group\" aria-roledescription=\"slide\" aria-label=\"6 von 7\"><a data-elementor-open-lightbox=\"yes\" data-elementor-lightbox-slideshow=\"f4b9e9c\" data-elementor-lightbox-title=\"Schulhoffest 2023_6\" data-e-action-hash=\"#elementor-action%3Aaction%3Dlightbox%26settings%3DeyJpZCI6MTUwMzksInVybCI6Imh0dHBzOlwvXC9odW1ib2xkdC1ncmVpZnN3YWxkLmRlXC93ZWJcL3dwLWNvbnRlbnRcL3VwbG9hZHNcLzIwMjNcLzA4XC9TY2h1bGhvZmZlc3QtMjAyM182LWUxNjkyNTgxMzk4ODg2LmpwZyIsInNsaWRlc2hvdyI6ImY0YjllOWMifQ%3D%3D\" href=\"https:\/\/humboldt-greifswald.de\/web\/wp-content\/uploads\/2023\/08\/Schulhoffest-2023_6-e1692581398886.jpg\"><figure class=\"swiper-slide-inner\"><img decoding=\"async\" class=\"swiper-slide-image\" src=\"https:\/\/humboldt-greifswald.de\/web\/wp-content\/uploads\/2023\/08\/Schulhoffest-2023_6-e1692581398886-225x300.jpg\" alt=\"Schulhoffest 2023_6\" \/><\/figure><\/a><\/div><div class=\"swiper-slide\" role=\"group\" aria-roledescription=\"slide\" aria-label=\"7 von 7\"><a data-elementor-open-lightbox=\"yes\" data-elementor-lightbox-slideshow=\"f4b9e9c\" data-elementor-lightbox-title=\"Schulhoffest 2023_7\" data-e-action-hash=\"#elementor-action%3Aaction%3Dlightbox%26settings%3DeyJpZCI6MTUwNDAsInVybCI6Imh0dHBzOlwvXC9odW1ib2xkdC1ncmVpZnN3YWxkLmRlXC93ZWJcL3dwLWNvbnRlbnRcL3VwbG9hZHNcLzIwMjNcLzA4XC9TY2h1bGhvZmZlc3QtMjAyM183LmpwZyIsInNsaWRlc2hvdyI6ImY0YjllOWMifQ%3D%3D\" href=\"https:\/\/humboldt-greifswald.de\/web\/wp-content\/uploads\/2023\/08\/Schulhoffest-2023_7.jpg\"><figure class=\"swiper-slide-inner\"><img decoding=\"async\" class=\"swiper-slide-image\" src=\"https:\/\/humboldt-greifswald.de\/web\/wp-content\/uploads\/2023\/08\/Schulhoffest-2023_7-300x225.jpg\" alt=\"Schulhoffest 2023_7\" \/><\/figure><\/a><\/div>\t\t\t<\/div>\n\t\t\t\t\t\t\t\t\t\t\t\t<div class=\"elementor-swiper-button elementor-swiper-button-prev\" role=\"button\" tabindex=\"0\">\n\t\t\t\t\t\t<i aria-hidden=\"true\" class=\"eicon-chevron-left\"><\/i>\t\t\t\t\t<\/div>\n\t\t\t\t\t<div class=\"elementor-swiper-button elementor-swiper-button-next\" role=\"button\" tabindex=\"0\">\n\t\t\t\t\t\t<i aria-hidden=\"true\" class=\"eicon-chevron-right\"><\/i>\t\t\t\t\t<\/div>\n\t\t\t\t\n\t\t\t\t\t\t\t\t\t<div class=\"swiper-pagination\"><\/div>\n\t\t\t\t\t\t\t\t\t<\/div>\n\t\t\t\t\t\t<\/div>\n\t\t\t\t<\/div>\n\t\t\t\t\t<\/div>\n\t\t\t\t<\/div>\n\t\t\t\t<\/div>\n\t\t","protected":false},"excerpt":{"rendered":"<p>Wie sch\u00f6n es war kann nur verstehen, wer dabei war&#8230;! Ein herzliches DANKESCH\u00d6N an alle, Gro\u00df und Klein, die geplant, vorbereitet, aufgebaut, geschuftet, kreiert, gelacht, gekocht, gemixt, gesungen, getanzt, geschm\u00fcckt, gebastelt, geshoppt, gegessen, geraten, gezockt &#8230; und gro\u00df gefeiert haben! &hellip; <\/p>\n","protected":false},"author":1,"featured_media":15039,"comment_status":"closed","ping_status":"open","sticky":false,"template":"","format":"standard","meta":{"footnotes":""},"categories":[56],"tags":[],"class_list":["post-14986","post","type-post","status-publish","format-standard","has-post-thumbnail","hentry","category-kultur"],"_links":{"self":[{"href":"https:\/\/humboldt-greifswald.de\/web\/wp-json\/wp\/v2\/posts\/14986","targetHints":{"allow":["GET"]}}],"collection":[{"href":"https:\/\/humboldt-greifswald.de\/web\/wp-json\/wp\/v2\/posts"}],"about":[{"href":"https:\/\/humboldt-greifswald.de\/web\/wp-json\/wp\/v2\/types\/post"}],"author":[{"embeddable":true,"href":"https:\/\/humboldt-greifswald.de\/web\/wp-json\/wp\/v2\/users\/1"}],"replies":[{"embeddable":true,"href":"https:\/\/humboldt-greifswald.de\/web\/wp-json\/wp\/v2\/comments?post=14986"}],"version-history":[{"count":4,"href":"https:\/\/humboldt-greifswald.de\/web\/wp-json\/wp\/v2\/posts\/14986\/revisions"}],"predecessor-version":[{"id":15046,"href":"https:\/\/humboldt-greifswald.de\/web\/wp-json\/wp\/v2\/posts\/14986\/revisions\/15046"}],"wp:featuredmedia":[{"embeddable":true,"href":"https:\/\/humboldt-greifswald.de\/web\/wp-json\/wp\/v2\/media\/15039"}],"wp:attachment":[{"href":"https:\/\/humboldt-greifswald.de\/web\/wp-json\/wp\/v2\/media?parent=14986"}],"wp:term":[{"taxonomy":"category","embeddable":true,"href":"https:\/\/humboldt-greifswald.de\/web\/wp-json\/wp\/v2\/categories?post=14986"},{"taxonomy":"post_tag","embeddable":true,"href":"https:\/\/humboldt-greifswald.de\/web\/wp-json\/wp\/v2\/tags?post=14986"}],"curies":[{"name":"wp","href":"https:\/\/api.w.org\/{rel}","templated":true}]}}