{"id":15057,"date":"2023-04-17T03:38:00","date_gmt":"2023-04-17T01:38:00","guid":{"rendered":"https:\/\/humboldt-greifswald.de\/web\/?p=15057"},"modified":"2023-08-21T03:43:09","modified_gmt":"2023-08-21T01:43:09","slug":"tolle-ergebnisse-der-landes-mathematikolympiade-2023","status":"publish","type":"post","link":"https:\/\/humboldt-greifswald.de\/web\/tolle-ergebnisse-der-landes-mathematikolympiade-2023\/","title":{"rendered":"Tolle Ergebnisse der Landes-Mathematikolympiade 2023"},"content":{"rendered":"\n<p><p>Herzliche Gl\u00fcckw\u00fcnsche an unsere herausragenden Mathematik-Talente!<\/p><span style=\"font-size: revert; color: initial;\">Wir sind sehr stolz darauf, die herausragenden Leistungen unserer Sch\u00fclerinnen und Sch\u00fcler bei der Landes-Mathematikolympiade 2023 zu verk\u00fcnden.<\/span> <p>Klasse 7<\/p><ul><li>Paul Simon erh\u00e4lt eine Anerkennung! \ud83d\udc4f<\/li> <li>Lea Gau\u00df erh\u00e4lt den III. Preis! \ud83e\udd49<\/li><\/ul><p>Klasse 8<\/p><ul><li>Annalena T\u00f6pfer erh\u00e4lt den III. Preis und au\u00dferdem den Sonderpreis der NOTUS Energy GmbH als beste Teilnehmerin! \ud83e\udd49\ud83c\udfc6<\/li><\/ul><p>Klasse 9<\/p><ul><li>Adnan Ait Fares erh\u00e4lt eine Anerkennung! \ud83d\udc4f<\/li> <li>Anni Hinrichs erh\u00e4lt den III. Preis! \ud83e\udd49<\/li><\/ul><p>Klasse 10<\/p><ul><li>Fritz Stelter erh\u00e4lt eine Anerkennung! \ud83d\udc4f<\/li> <li>Sebastian Riemann erh\u00e4lt den III. Preis und au\u00dferdem den Sonderpreis des Instituts f\u00fcr Mathematik und Informatik der Uni Greifswald! \ud83e\udd49\ud83c\udfc6<\/li><\/ul><p>Klassen 11\/12<\/p><ul><li>Theo Fischer erh\u00e4lt eine Anerkennung! \ud83d\udc4f<\/li><\/ul><span style=\"font-size: revert; color: initial;\">Wir gratulieren allen Preistr\u00e4gern ganz herzlich und m\u00f6chten uns bei allen Teilnehmenden, Lehrkr\u00e4ften und Eltern f\u00fcr ihre Unterst\u00fctzung bedanken. Euer Erfolg ist der Beweis daf\u00fcr, dass Flei\u00df und Engagement sich auszahlen. Macht weiter so, und viel Erfolg f\u00fcr eure n\u00e4chsten mathematischen Herausforderungen! \ud83c\udf89\ud83d\udcaa\ud83d\udcda<\/span><\/p>\n","protected":false},"excerpt":{"rendered":"<p>Herzliche Gl\u00fcckw\u00fcnsche an unsere herausragenden Mathematik-Talente! Wir sind sehr stolz darauf, die herausragenden Leistungen unserer Sch\u00fclerinnen und Sch\u00fcler bei der Landes-Mathematikolympiade 2023 zu verk\u00fcnden. Klasse 7 Paul Simon erh\u00e4lt eine Anerkennung! \ud83d\udc4f Lea Gau\u00df erh\u00e4lt den III. Preis! \ud83e\udd49 Klasse &hellip; <\/p>\n","protected":false},"author":1,"featured_media":15061,"comment_status":"closed","ping_status":"open","sticky":false,"template":"","format":"standard","meta":{"footnotes":""},"categories":[56],"tags":[],"class_list":["post-15057","post","type-post","status-publish","format-standard","has-post-thumbnail","hentry","category-kultur"],"_links":{"self":[{"href":"https:\/\/humboldt-greifswald.de\/web\/wp-json\/wp\/v2\/posts\/15057","targetHints":{"allow":["GET"]}}],"collection":[{"href":"https:\/\/humboldt-greifswald.de\/web\/wp-json\/wp\/v2\/posts"}],"about":[{"href":"https:\/\/humboldt-greifswald.de\/web\/wp-json\/wp\/v2\/types\/post"}],"author":[{"embeddable":true,"href":"https:\/\/humboldt-greifswald.de\/web\/wp-json\/wp\/v2\/users\/1"}],"replies":[{"embeddable":true,"href":"https:\/\/humboldt-greifswald.de\/web\/wp-json\/wp\/v2\/comments?post=15057"}],"version-history":[{"count":2,"href":"https:\/\/humboldt-greifswald.de\/web\/wp-json\/wp\/v2\/posts\/15057\/revisions"}],"predecessor-version":[{"id":15062,"href":"https:\/\/humboldt-greifswald.de\/web\/wp-json\/wp\/v2\/posts\/15057\/revisions\/15062"}],"wp:featuredmedia":[{"embeddable":true,"href":"https:\/\/humboldt-greifswald.de\/web\/wp-json\/wp\/v2\/media\/15061"}],"wp:attachment":[{"href":"https:\/\/humboldt-greifswald.de\/web\/wp-json\/wp\/v2\/media?parent=15057"}],"wp:term":[{"taxonomy":"category","embeddable":true,"href":"https:\/\/humboldt-greifswald.de\/web\/wp-json\/wp\/v2\/categories?post=15057"},{"taxonomy":"post_tag","embeddable":true,"href":"https:\/\/humboldt-greifswald.de\/web\/wp-json\/wp\/v2\/tags?post=15057"}],"curies":[{"name":"wp","href":"https:\/\/api.w.org\/{rel}","templated":true}]}}