{"id":15059,"date":"2023-02-25T03:40:00","date_gmt":"2023-02-25T02:40:00","guid":{"rendered":"https:\/\/humboldt-greifswald.de\/web\/?p=15059"},"modified":"2023-09-30T22:27:16","modified_gmt":"2023-09-30T20:27:16","slug":"grosser-erfolg-im-fach-latein","status":"publish","type":"post","link":"https:\/\/humboldt-greifswald.de\/web\/grosser-erfolg-im-fach-latein\/","title":{"rendered":"Gro\u00dfer Erfolg im Fach Latein"},"content":{"rendered":"\n<p>Mit seinem Latein ist er noch lange nicht am Ende: Nach einem Schuljahr und wenigen Monaten hat Raphael Strese (8a) erfolgreich an der europaweiten Pr\u00fcfung \u201eELEX\u201c (\u201eEuropean Latin Exam\u201c) des ECCL (European Certificate for Classics) teilgenommen. Bei diesem Sch\u00fclerwettbewerb des Dachverbands der Altphilologenverb\u00e4nde in Europa, Euroclassica, hat Raphael dreiunddrei\u00dfig von vierzig Fragen zu einem lateinischen Text richtig beantwortet und damit eine Silbermedaille errungen. Das Besondere dabei: Raphael kannte vorher nicht nur den Inhalt des Textes nicht, sondern auch viele Vokabeln, ja sogar einzelne grammatikalische Besonderheiten waren ihm unbekannt. Hilfsmittel wie zum Beispiel ein W\u00f6rterbuch waren nicht zugelassen. Am Humboldt-Gymnasium wird Raphael die \u201eMutter\u201c aller romanischen Sprachen noch mindestens bis zum Ende der 10. Klasse lernen. Mit dem Preistr\u00e4ger freuen sich sein Lateinlehrer F. Littek (rechts) und Schulleiter U. Burmeister (links).<\/p>\n","protected":false},"excerpt":{"rendered":"<p>Mit seinem Latein ist er noch lange nicht am Ende: Nach einem Schuljahr und wenigen Monaten hat Raphael Strese (8a) erfolgreich an der europaweiten Pr\u00fcfung \u201eELEX\u201c (\u201eEuropean Latin Exam\u201c) des ECCL (European Certificate for Classics) teilgenommen. Bei diesem Sch\u00fclerwettbewerb des &hellip; <\/p>\n","protected":false},"author":1,"featured_media":0,"comment_status":"closed","ping_status":"open","sticky":false,"template":"","format":"standard","meta":{"footnotes":""},"categories":[56],"tags":[],"class_list":["post-15059","post","type-post","status-publish","format-standard","hentry","category-kultur"],"_links":{"self":[{"href":"https:\/\/humboldt-greifswald.de\/web\/wp-json\/wp\/v2\/posts\/15059","targetHints":{"allow":["GET"]}}],"collection":[{"href":"https:\/\/humboldt-greifswald.de\/web\/wp-json\/wp\/v2\/posts"}],"about":[{"href":"https:\/\/humboldt-greifswald.de\/web\/wp-json\/wp\/v2\/types\/post"}],"author":[{"embeddable":true,"href":"https:\/\/humboldt-greifswald.de\/web\/wp-json\/wp\/v2\/users\/1"}],"replies":[{"embeddable":true,"href":"https:\/\/humboldt-greifswald.de\/web\/wp-json\/wp\/v2\/comments?post=15059"}],"version-history":[{"count":1,"href":"https:\/\/humboldt-greifswald.de\/web\/wp-json\/wp\/v2\/posts\/15059\/revisions"}],"predecessor-version":[{"id":15064,"href":"https:\/\/humboldt-greifswald.de\/web\/wp-json\/wp\/v2\/posts\/15059\/revisions\/15064"}],"wp:attachment":[{"href":"https:\/\/humboldt-greifswald.de\/web\/wp-json\/wp\/v2\/media?parent=15059"}],"wp:term":[{"taxonomy":"category","embeddable":true,"href":"https:\/\/humboldt-greifswald.de\/web\/wp-json\/wp\/v2\/categories?post=15059"},{"taxonomy":"post_tag","embeddable":true,"href":"https:\/\/humboldt-greifswald.de\/web\/wp-json\/wp\/v2\/tags?post=15059"}],"curies":[{"name":"wp","href":"https:\/\/api.w.org\/{rel}","templated":true}]}}