{"id":15162,"date":"2023-08-27T20:19:40","date_gmt":"2023-08-27T18:19:40","guid":{"rendered":"https:\/\/humboldt-greifswald.de\/web\/?p=15162"},"modified":"2023-08-29T10:07:10","modified_gmt":"2023-08-29T08:07:10","slug":"zukuenftige-juniorstudierende-gesucht","status":"publish","type":"post","link":"https:\/\/humboldt-greifswald.de\/web\/zukuenftige-juniorstudierende-gesucht\/","title":{"rendered":"Zuk\u00fcnftige Juniorstudierende gesucht!"},"content":{"rendered":"\n\t\t<meta http-equiv=\"refresh\" content=\"0; url=\/web\/juniorstudium\/\">\r\n\t\tPlease wait while you are redirected...or <a href=\"\/web\/juniorstudium\/\">Click Here<\/a> if you do not want to wait.\r\n\n\n\n\n<p class=\"has-text-align-right\"><\/p>\n","protected":false},"excerpt":{"rendered":"<p>Seid ihr Sch\u00fcler*innen der 9. Klasse und m\u00f6chtet schon einmal ins Studium einer Universit\u00e4t reinschnuppern?<br \/>\nDann meldet euch am Anfang des Schuljahres bei mir. Mehr Details auf der Seite zum Juniorstudium!<\/p>\n","protected":false},"author":1,"featured_media":15163,"comment_status":"closed","ping_status":"open","sticky":false,"template":"","format":"standard","meta":{"footnotes":""},"categories":[61,56],"tags":[],"class_list":["post-15162","post","type-post","status-publish","format-standard","has-post-thumbnail","hentry","category-juniorstudium","category-kultur"],"_links":{"self":[{"href":"https:\/\/humboldt-greifswald.de\/web\/wp-json\/wp\/v2\/posts\/15162","targetHints":{"allow":["GET"]}}],"collection":[{"href":"https:\/\/humboldt-greifswald.de\/web\/wp-json\/wp\/v2\/posts"}],"about":[{"href":"https:\/\/humboldt-greifswald.de\/web\/wp-json\/wp\/v2\/types\/post"}],"author":[{"embeddable":true,"href":"https:\/\/humboldt-greifswald.de\/web\/wp-json\/wp\/v2\/users\/1"}],"replies":[{"embeddable":true,"href":"https:\/\/humboldt-greifswald.de\/web\/wp-json\/wp\/v2\/comments?post=15162"}],"version-history":[{"count":2,"href":"https:\/\/humboldt-greifswald.de\/web\/wp-json\/wp\/v2\/posts\/15162\/revisions"}],"predecessor-version":[{"id":15203,"href":"https:\/\/humboldt-greifswald.de\/web\/wp-json\/wp\/v2\/posts\/15162\/revisions\/15203"}],"wp:featuredmedia":[{"embeddable":true,"href":"https:\/\/humboldt-greifswald.de\/web\/wp-json\/wp\/v2\/media\/15163"}],"wp:attachment":[{"href":"https:\/\/humboldt-greifswald.de\/web\/wp-json\/wp\/v2\/media?parent=15162"}],"wp:term":[{"taxonomy":"category","embeddable":true,"href":"https:\/\/humboldt-greifswald.de\/web\/wp-json\/wp\/v2\/categories?post=15162"},{"taxonomy":"post_tag","embeddable":true,"href":"https:\/\/humboldt-greifswald.de\/web\/wp-json\/wp\/v2\/tags?post=15162"}],"curies":[{"name":"wp","href":"https:\/\/api.w.org\/{rel}","templated":true}]}}