{"id":15541,"date":"2024-02-28T20:50:35","date_gmt":"2024-02-28T19:50:35","guid":{"rendered":"https:\/\/humboldt-greifswald.de\/web\/?p=15541"},"modified":"2024-02-29T06:24:56","modified_gmt":"2024-02-29T05:24:56","slug":"regelungen-bzgl-des-ablaufs-am-21-22-februar-aufgrund-der-streiks-im-oepnv","status":"publish","type":"post","link":"https:\/\/humboldt-greifswald.de\/web\/regelungen-bzgl-des-ablaufs-am-21-22-februar-aufgrund-der-streiks-im-oepnv\/","title":{"rendered":"Regelungen bzgl. des Ablaufs am 1. M\u00e4rz aufgrund der Streiks im \u00d6PNV"},"content":{"rendered":"\t\t<div data-elementor-type=\"wp-post\" data-elementor-id=\"15541\" class=\"elementor elementor-15541\">\n\t\t\t\t\t\t<section class=\"elementor-section elementor-top-section elementor-element elementor-element-34543afd elementor-section-boxed elementor-section-height-default elementor-section-height-default\" data-id=\"34543afd\" data-element_type=\"section\" data-e-type=\"section\">\n\t\t\t\t\t\t<div class=\"elementor-container elementor-column-gap-default\">\n\t\t\t\t\t<div class=\"elementor-column elementor-col-100 elementor-top-column elementor-element elementor-element-56fce50f\" data-id=\"56fce50f\" data-element_type=\"column\" data-e-type=\"column\">\n\t\t\t<div class=\"elementor-widget-wrap elementor-element-populated\">\n\t\t\t\t\t\t<div class=\"elementor-element elementor-element-20a4ae9e elementor-widget elementor-widget-text-editor\" data-id=\"20a4ae9e\" data-element_type=\"widget\" data-e-type=\"widget\" data-widget_type=\"text-editor.default\">\n\t\t\t\t<div class=\"elementor-widget-container\">\n\t\t\t\t\t\t\t\t\t\n<p style=\"text-align: right;\">Greifswald, den 28.2.2024<\/p>\n<p>Liebe Sch\u00fclerinnen und Sch\u00fcler, sehr geehrte Eltern,<\/p>\n<p>hiermit m\u00f6chte ich Sie \u00fcber die Regelungen bzgl. des Ablaufs am 1.3.2024 aufgrund der Streiks im \u00f6ffentlichen Nahverkehr informieren.<\/p>\n<ol>\n<li>Nach unseren Informationen soll die Sch\u00fclerbef\u00f6rderung von au\u00dferhalb Greifswald nicht bestreikt werden und regul\u00e4r fahren. Dies trifft auch auf die privaten Bus- und Taxiunternehmen zu, die insbesondere die Sch\u00fcler der Hochbegabtenklassen bef\u00f6rdern. Hier empfiehlt sich aber, sich heute bzw. morgen direkt bei den Fahrern zu erkundigen. F\u00fcr alle Sch\u00fcler, f\u00fcr die die Sch\u00fclerbef\u00f6rderung regul\u00e4r stattfindet, besteht die Pflicht zum Unterricht zu erscheinen.<\/li>\n<li>Dagegen soll der \u00d6PNV innerhalb Greifswalds m\u00f6glicherweise bestreikt werden.<\/li>\n<li>Nur die Sch\u00fcler, die <u>zwingend<\/u> auf den \u00d6PNV angewiesen sind und wo dieser aufgrund des Streiks nicht verkehrt, gelten als entschuldigt. F\u00fcr alle anderen Sch\u00fcler, besteht die Pflicht zum Unterricht zu erscheinen.<\/li>\n<li>Bitte schauen Sie regelm\u00e4\u00dfig auf die Homepage, falls sich die Lage \u00e4ndert und neue Informationen dort eingestellt sind.<\/li>\n<li>Der Unterricht findet daher am 1.3. regul\u00e4r nach Stundenplan bzw. Vertretungsplan statt.<\/li>\n<\/ol>\n<p>Ich bitte um Ihr Verst\u00e4ndnis.<\/p>\n<p>Mit freundlichen Gr\u00fc\u00dfen,<\/p>\n<p>Burmeister<br \/>Schulleiter<\/p>\n\t\t\t\t\t\t\t\t<\/div>\n\t\t\t\t<\/div>\n\t\t\t\t\t<\/div>\n\t\t<\/div>\n\t\t\t\t\t<\/div>\n\t\t<\/section>\n\t\t\t\t<\/div>\n\t\t","protected":false},"excerpt":{"rendered":"<p>Greifswald, den 28.2.2024 Liebe Sch\u00fclerinnen und Sch\u00fcler, sehr geehrte Eltern, hiermit m\u00f6chte ich Sie \u00fcber die Regelungen bzgl. des Ablaufs am 1.3.2024 aufgrund der Streiks im \u00f6ffentlichen Nahverkehr informieren. Nach unseren Informationen soll die Sch\u00fclerbef\u00f6rderung von au\u00dferhalb Greifswald nicht bestreikt &hellip; <\/p>\n","protected":false},"author":1,"featured_media":15490,"comment_status":"closed","ping_status":"open","sticky":false,"template":"","format":"standard","meta":{"footnotes":""},"categories":[55],"tags":[],"class_list":["post-15541","post","type-post","status-publish","format-standard","has-post-thumbnail","hentry","category-schulleitung"],"_links":{"self":[{"href":"https:\/\/humboldt-greifswald.de\/web\/wp-json\/wp\/v2\/posts\/15541","targetHints":{"allow":["GET"]}}],"collection":[{"href":"https:\/\/humboldt-greifswald.de\/web\/wp-json\/wp\/v2\/posts"}],"about":[{"href":"https:\/\/humboldt-greifswald.de\/web\/wp-json\/wp\/v2\/types\/post"}],"author":[{"embeddable":true,"href":"https:\/\/humboldt-greifswald.de\/web\/wp-json\/wp\/v2\/users\/1"}],"replies":[{"embeddable":true,"href":"https:\/\/humboldt-greifswald.de\/web\/wp-json\/wp\/v2\/comments?post=15541"}],"version-history":[{"count":7,"href":"https:\/\/humboldt-greifswald.de\/web\/wp-json\/wp\/v2\/posts\/15541\/revisions"}],"predecessor-version":[{"id":15552,"href":"https:\/\/humboldt-greifswald.de\/web\/wp-json\/wp\/v2\/posts\/15541\/revisions\/15552"}],"wp:featuredmedia":[{"embeddable":true,"href":"https:\/\/humboldt-greifswald.de\/web\/wp-json\/wp\/v2\/media\/15490"}],"wp:attachment":[{"href":"https:\/\/humboldt-greifswald.de\/web\/wp-json\/wp\/v2\/media?parent=15541"}],"wp:term":[{"taxonomy":"category","embeddable":true,"href":"https:\/\/humboldt-greifswald.de\/web\/wp-json\/wp\/v2\/categories?post=15541"},{"taxonomy":"post_tag","embeddable":true,"href":"https:\/\/humboldt-greifswald.de\/web\/wp-json\/wp\/v2\/tags?post=15541"}],"curies":[{"name":"wp","href":"https:\/\/api.w.org\/{rel}","templated":true}]}}