{"id":15769,"date":"2024-09-16T13:07:49","date_gmt":"2024-09-16T11:07:49","guid":{"rendered":"https:\/\/humboldt-greifswald.de\/web\/?p=15769"},"modified":"2024-09-16T13:07:52","modified_gmt":"2024-09-16T11:07:52","slug":"neueste-dokumente-zu-kurswahl-abiturphase-co","status":"publish","type":"post","link":"https:\/\/humboldt-greifswald.de\/web\/neueste-dokumente-zu-kurswahl-abiturphase-co\/","title":{"rendered":"Neueste Dokumente zu Kurswahl, Abiturphase &amp; Co."},"content":{"rendered":"\n<p>Unser Oberstufenkoordinator Hr. B\u00fcssow hat auf der <a href=\"https:\/\/humboldt-greifswald.de\/web\/oberstufe\/\" data-type=\"page\" data-id=\"14193\">Informations-Seite zur Oberstufe<\/a> nun die aktuellsten Informationspr\u00e4sentationen, Infobriefe und Termine, die im Schuljahr 2024-25 g\u00fcltig sind, ver\u00f6ffentlicht. F\u00fcr alle ab Klasse 10 definitiv einen Blick wert!<\/p>\n\n\n\n\t\t<meta http-equiv=\"refresh\" content=\"0; url=\/web\/oberstufe\/\">\r\n\t\tPlease wait while you are redirected...or <a href=\"\/web\/oberstufe\/\">Click Here<\/a> if you do not want to wait.\r\n\n","protected":false},"excerpt":{"rendered":"<p>Unser Oberstufenkoordinator Hr. B\u00fcssow hat auf der Informations-Seite zur Oberstufe nun die aktuellsten Informationspr\u00e4sentationen, Infobriefe und Termine, die im Schuljahr 2024-25 g\u00fcltig sind, ver\u00f6ffentlicht. F\u00fcr alle ab Klasse 10 definitiv einen Blick wert!<\/p>\n","protected":false},"author":1,"featured_media":15255,"comment_status":"closed","ping_status":"open","sticky":false,"template":"","format":"standard","meta":{"footnotes":""},"categories":[55],"tags":[],"class_list":["post-15769","post","type-post","status-publish","format-standard","has-post-thumbnail","hentry","category-schulleitung"],"_links":{"self":[{"href":"https:\/\/humboldt-greifswald.de\/web\/wp-json\/wp\/v2\/posts\/15769","targetHints":{"allow":["GET"]}}],"collection":[{"href":"https:\/\/humboldt-greifswald.de\/web\/wp-json\/wp\/v2\/posts"}],"about":[{"href":"https:\/\/humboldt-greifswald.de\/web\/wp-json\/wp\/v2\/types\/post"}],"author":[{"embeddable":true,"href":"https:\/\/humboldt-greifswald.de\/web\/wp-json\/wp\/v2\/users\/1"}],"replies":[{"embeddable":true,"href":"https:\/\/humboldt-greifswald.de\/web\/wp-json\/wp\/v2\/comments?post=15769"}],"version-history":[{"count":1,"href":"https:\/\/humboldt-greifswald.de\/web\/wp-json\/wp\/v2\/posts\/15769\/revisions"}],"predecessor-version":[{"id":15770,"href":"https:\/\/humboldt-greifswald.de\/web\/wp-json\/wp\/v2\/posts\/15769\/revisions\/15770"}],"wp:featuredmedia":[{"embeddable":true,"href":"https:\/\/humboldt-greifswald.de\/web\/wp-json\/wp\/v2\/media\/15255"}],"wp:attachment":[{"href":"https:\/\/humboldt-greifswald.de\/web\/wp-json\/wp\/v2\/media?parent=15769"}],"wp:term":[{"taxonomy":"category","embeddable":true,"href":"https:\/\/humboldt-greifswald.de\/web\/wp-json\/wp\/v2\/categories?post=15769"},{"taxonomy":"post_tag","embeddable":true,"href":"https:\/\/humboldt-greifswald.de\/web\/wp-json\/wp\/v2\/tags?post=15769"}],"curies":[{"name":"wp","href":"https:\/\/api.w.org\/{rel}","templated":true}]}}