{"id":15781,"date":"2024-09-30T11:09:56","date_gmt":"2024-09-30T09:09:56","guid":{"rendered":"https:\/\/humboldt-greifswald.de\/web\/?p=15781"},"modified":"2024-09-30T11:09:57","modified_gmt":"2024-09-30T09:09:57","slug":"neueste-dokumente-zum-hochbegabten-bereich","status":"publish","type":"post","link":"https:\/\/humboldt-greifswald.de\/web\/neueste-dokumente-zum-hochbegabten-bereich\/","title":{"rendered":"Neueste Dokumente zum Hochbegabten-Bereich"},"content":{"rendered":"\n<p>Unser Koordinator f\u00fcr den Bereich Hochbegabung, Hr. R\u00f6ser, hat nun die aktuellsten Informationsbl\u00e4tter, Pr\u00e4sentationen und Formulare, die im Schuljahr 2024-25 g\u00fcltig sind, ver\u00f6ffentlicht. F\u00fcr alle Interessierten einen Blick wert!<\/p>\n\n\n\n\t\t<meta http-equiv=\"refresh\" content=\"0; url=\/web\/informationen-fuer-den-einstieg-bei-uns\/\">\r\n\t\tPlease wait while you are redirected...or <a href=\"\/web\/informationen-fuer-den-einstieg-bei-uns\/\">Click Here<\/a> if you do not want to wait.\r\n\n","protected":false},"excerpt":{"rendered":"<p>Unser Koordinator f\u00fcr den Bereich Hochbegabung, Hr. R\u00f6ser, hat nun die aktuellsten Informationsbl\u00e4tter, Pr\u00e4sentationen und Formulare, die im Schuljahr 2024-25 g\u00fcltig sind, ver\u00f6ffentlicht. F\u00fcr alle Interessierten einen Blick wert!<\/p>\n","protected":false},"author":1,"featured_media":15782,"comment_status":"closed","ping_status":"open","sticky":false,"template":"","format":"standard","meta":{"footnotes":""},"categories":[55],"tags":[],"class_list":["post-15781","post","type-post","status-publish","format-standard","has-post-thumbnail","hentry","category-schulleitung"],"_links":{"self":[{"href":"https:\/\/humboldt-greifswald.de\/web\/wp-json\/wp\/v2\/posts\/15781","targetHints":{"allow":["GET"]}}],"collection":[{"href":"https:\/\/humboldt-greifswald.de\/web\/wp-json\/wp\/v2\/posts"}],"about":[{"href":"https:\/\/humboldt-greifswald.de\/web\/wp-json\/wp\/v2\/types\/post"}],"author":[{"embeddable":true,"href":"https:\/\/humboldt-greifswald.de\/web\/wp-json\/wp\/v2\/users\/1"}],"replies":[{"embeddable":true,"href":"https:\/\/humboldt-greifswald.de\/web\/wp-json\/wp\/v2\/comments?post=15781"}],"version-history":[{"count":1,"href":"https:\/\/humboldt-greifswald.de\/web\/wp-json\/wp\/v2\/posts\/15781\/revisions"}],"predecessor-version":[{"id":15783,"href":"https:\/\/humboldt-greifswald.de\/web\/wp-json\/wp\/v2\/posts\/15781\/revisions\/15783"}],"wp:featuredmedia":[{"embeddable":true,"href":"https:\/\/humboldt-greifswald.de\/web\/wp-json\/wp\/v2\/media\/15782"}],"wp:attachment":[{"href":"https:\/\/humboldt-greifswald.de\/web\/wp-json\/wp\/v2\/media?parent=15781"}],"wp:term":[{"taxonomy":"category","embeddable":true,"href":"https:\/\/humboldt-greifswald.de\/web\/wp-json\/wp\/v2\/categories?post=15781"},{"taxonomy":"post_tag","embeddable":true,"href":"https:\/\/humboldt-greifswald.de\/web\/wp-json\/wp\/v2\/tags?post=15781"}],"curies":[{"name":"wp","href":"https:\/\/api.w.org\/{rel}","templated":true}]}}