{"id":15959,"date":"2025-03-21T15:49:59","date_gmt":"2025-03-21T14:49:59","guid":{"rendered":"https:\/\/humboldt-greifswald.de\/web\/?p=15959"},"modified":"2025-03-21T15:50:01","modified_gmt":"2025-03-21T14:50:01","slug":"wichtige-hinweise-zu-angekuendigten-streikmassnahmen-im-verkehrswesen","status":"publish","type":"post","link":"https:\/\/humboldt-greifswald.de\/web\/wichtige-hinweise-zu-angekuendigten-streikmassnahmen-im-verkehrswesen\/","title":{"rendered":"Wichtige Hinweise zu angek\u00fcndigten Streikma\u00dfnahmen im Verkehrswesen"},"content":{"rendered":"\n<p>Sehr geehrte Damen und Herren,<br>liebe Eltern, liebe Sch\u00fclerinnen und Sch\u00fcler,<\/p>\n\n\n\n<p>bereits in den letzten Wochen wurde in weiten Teilen Mecklenburg-Vorpommerns der Nahverkehr bestreikt. Die Gewerkschaft ver.di hatte ihre Mitglieder jetzt zu einer Urabstimmung \u00fcber unbefristete Streiks aufgerufen. Das Ergebnis liegt nunmehr vor:<\/p>\n\n\n\n<p>Die Mitglieder haben sich f\u00fcr unbefristete Streikma\u00dfnahmen ausgesprochen, so dass es zu weitreichenden Einschr\u00e4nkungen im Nahverkehr kommen kann. Konkret ist noch nichts angek\u00fcndigt. Dieses Schreiben soll auf erwartbare Beeintr\u00e4chtigungen vorbereiten.<\/p>\n\n\n\n<p>Solche Arbeitskampfma\u00dfnahmen sind im Grundgesetz verbrieft.<\/p>\n\n\n\n<p>Ich bitte folgendes zu beachten:<\/p>\n\n\n\n<p>Ungeachtet eventueller Streikma\u00dfnahmen l\u00e4uft der Unterrichtsbetrieb weiter. Denn nach dem Schulgesetz besteht einerseits die Ma\u00dfgabe, die Schulpflicht einzuhalten, andererseits haben die Sch\u00fclerinnen und Sch\u00fcler auch ein Recht auf Unterricht und Bildung.<\/p>\n\n\n\n<p>Besonders wichtig ist es dabei, dass die Abschluss- und Vorabschlussklassen wegen der bevorstehenden Pr\u00fcfungen regul\u00e4r Unterricht in Pr\u00e4senz an der Schule erhalten, um die Einhaltung der Schulpflicht und die Pr\u00fcfungsvorbereitungen zu gew\u00e4hrleisten.<\/p>\n\n\n\n<p>Deshalb bitte ich darum, dass sich schon jetzt alle Beteiligten L\u00f6sungen \u00fcberlegen, wie man trotz eventueller Streikma\u00dfnahmen zur Schule gelangen kann. Zu denken ist beispielsweise an Fahrgemeinschaften.<\/p>\n\n\n\n<p>Wie bereits ausgef\u00fchrt, ist es f\u00fcr alle Sch\u00fclerinnen und Sch\u00fcler unbedingt erforderlich, am Unterricht teilzunehmen. Denn trotz der eventuellen Streikma\u00dfnahmen ist die Schulpflicht nicht aufgehoben.<\/p>\n\n\n\n<p>Mit freundlichen Gr\u00fc\u00dfen<\/p>\n\n\n\n<p>U. Burmeister<\/p>\n\n\n\n<p>Schulleiter<\/p>\n","protected":false},"excerpt":{"rendered":"<p>Sehr geehrte Damen und Herren,liebe Eltern, liebe Sch\u00fclerinnen und Sch\u00fcler, bereits in den letzten Wochen wurde in weiten Teilen Mecklenburg-Vorpommerns der Nahverkehr bestreikt. Die Gewerkschaft ver.di hatte ihre Mitglieder jetzt zu einer Urabstimmung \u00fcber unbefristete Streiks aufgerufen. Das Ergebnis liegt &hellip; <\/p>\n","protected":false},"author":1,"featured_media":15714,"comment_status":"closed","ping_status":"open","sticky":false,"template":"","format":"standard","meta":{"footnotes":""},"categories":[55],"tags":[],"class_list":["post-15959","post","type-post","status-publish","format-standard","has-post-thumbnail","hentry","category-schulleitung"],"_links":{"self":[{"href":"https:\/\/humboldt-greifswald.de\/web\/wp-json\/wp\/v2\/posts\/15959","targetHints":{"allow":["GET"]}}],"collection":[{"href":"https:\/\/humboldt-greifswald.de\/web\/wp-json\/wp\/v2\/posts"}],"about":[{"href":"https:\/\/humboldt-greifswald.de\/web\/wp-json\/wp\/v2\/types\/post"}],"author":[{"embeddable":true,"href":"https:\/\/humboldt-greifswald.de\/web\/wp-json\/wp\/v2\/users\/1"}],"replies":[{"embeddable":true,"href":"https:\/\/humboldt-greifswald.de\/web\/wp-json\/wp\/v2\/comments?post=15959"}],"version-history":[{"count":1,"href":"https:\/\/humboldt-greifswald.de\/web\/wp-json\/wp\/v2\/posts\/15959\/revisions"}],"predecessor-version":[{"id":15960,"href":"https:\/\/humboldt-greifswald.de\/web\/wp-json\/wp\/v2\/posts\/15959\/revisions\/15960"}],"wp:featuredmedia":[{"embeddable":true,"href":"https:\/\/humboldt-greifswald.de\/web\/wp-json\/wp\/v2\/media\/15714"}],"wp:attachment":[{"href":"https:\/\/humboldt-greifswald.de\/web\/wp-json\/wp\/v2\/media?parent=15959"}],"wp:term":[{"taxonomy":"category","embeddable":true,"href":"https:\/\/humboldt-greifswald.de\/web\/wp-json\/wp\/v2\/categories?post=15959"},{"taxonomy":"post_tag","embeddable":true,"href":"https:\/\/humboldt-greifswald.de\/web\/wp-json\/wp\/v2\/tags?post=15959"}],"curies":[{"name":"wp","href":"https:\/\/api.w.org\/{rel}","templated":true}]}}