{"id":16006,"date":"2025-05-17T20:19:37","date_gmt":"2025-05-17T18:19:37","guid":{"rendered":"https:\/\/humboldt-greifswald.de\/web\/?p=16006"},"modified":"2025-05-17T20:19:38","modified_gmt":"2025-05-17T18:19:38","slug":"dritter-platz-fuer-unsere-volleyballmannschaft-beim-stadtjubilaeumsturnier","status":"publish","type":"post","link":"https:\/\/humboldt-greifswald.de\/web\/dritter-platz-fuer-unsere-volleyballmannschaft-beim-stadtjubilaeumsturnier\/","title":{"rendered":"Dritter Platz f\u00fcr unsere Volleyballmannschaft beim Stadtjubil\u00e4umsturnier"},"content":{"rendered":"\n<p>An diesem Freitag konnten unsere Sch\u00fclerinnen und Sch\u00fcler erneut einen sportlichen Erfolg f\u00fcr unsere Schule verbuchen. Beim Volleyballturnier am \u201eTag des Sports\u201c, das im Rahmen des Stadtjubil\u00e4ums unserer Heimatstadt stattfand, erreichte unsere Mix-Mannschaft der Jahrgangsstufen 9 und 10 einen hervorragenden dritten Platz. Es spielten Sch\u00fclerinnen und Sch\u00fcler aus den Klassen 8R, 9C, 9R, 10C und 10D.<\/p>\n\n\n\n<p>Herzlichen Gl\u00fcckwunsch!<\/p>\n","protected":false},"excerpt":{"rendered":"<p>An diesem Freitag konnten unsere Sch\u00fclerinnen und Sch\u00fcler erneut einen sportlichen Erfolg f\u00fcr unsere Schule verbuchen. Beim Volleyballturnier am \u201eTag des Sports\u201c, das im Rahmen des Stadtjubil\u00e4ums unserer Heimatstadt stattfand, erreichte unsere Mix-Mannschaft der Jahrgangsstufen 9 und 10 einen hervorragenden &hellip; <\/p>\n","protected":false},"author":1,"featured_media":16007,"comment_status":"closed","ping_status":"open","sticky":false,"template":"","format":"standard","meta":{"footnotes":""},"categories":[56],"tags":[],"class_list":["post-16006","post","type-post","status-publish","format-standard","has-post-thumbnail","hentry","category-kultur"],"_links":{"self":[{"href":"https:\/\/humboldt-greifswald.de\/web\/wp-json\/wp\/v2\/posts\/16006","targetHints":{"allow":["GET"]}}],"collection":[{"href":"https:\/\/humboldt-greifswald.de\/web\/wp-json\/wp\/v2\/posts"}],"about":[{"href":"https:\/\/humboldt-greifswald.de\/web\/wp-json\/wp\/v2\/types\/post"}],"author":[{"embeddable":true,"href":"https:\/\/humboldt-greifswald.de\/web\/wp-json\/wp\/v2\/users\/1"}],"replies":[{"embeddable":true,"href":"https:\/\/humboldt-greifswald.de\/web\/wp-json\/wp\/v2\/comments?post=16006"}],"version-history":[{"count":1,"href":"https:\/\/humboldt-greifswald.de\/web\/wp-json\/wp\/v2\/posts\/16006\/revisions"}],"predecessor-version":[{"id":16008,"href":"https:\/\/humboldt-greifswald.de\/web\/wp-json\/wp\/v2\/posts\/16006\/revisions\/16008"}],"wp:featuredmedia":[{"embeddable":true,"href":"https:\/\/humboldt-greifswald.de\/web\/wp-json\/wp\/v2\/media\/16007"}],"wp:attachment":[{"href":"https:\/\/humboldt-greifswald.de\/web\/wp-json\/wp\/v2\/media?parent=16006"}],"wp:term":[{"taxonomy":"category","embeddable":true,"href":"https:\/\/humboldt-greifswald.de\/web\/wp-json\/wp\/v2\/categories?post=16006"},{"taxonomy":"post_tag","embeddable":true,"href":"https:\/\/humboldt-greifswald.de\/web\/wp-json\/wp\/v2\/tags?post=16006"}],"curies":[{"name":"wp","href":"https:\/\/api.w.org\/{rel}","templated":true}]}}