{"id":16313,"date":"2026-03-19T07:01:15","date_gmt":"2026-03-19T06:01:15","guid":{"rendered":"https:\/\/humboldt-greifswald.de\/web\/?p=16313"},"modified":"2026-03-19T07:01:17","modified_gmt":"2026-03-19T06:01:17","slug":"fuer-die-wissenschaft-schule-in-den-ferien","status":"publish","type":"post","link":"https:\/\/humboldt-greifswald.de\/web\/fuer-die-wissenschaft-schule-in-den-ferien\/","title":{"rendered":"F\u00fcr die Wissenschaft: Schule in den Ferien"},"content":{"rendered":"\n<p>Samstag der 07.02.26 war der erste Tag der Winterferien. Doch die Sch\u00fcler des Projektfaches Astrophysik der 11. und 12. Klasse kamen trotzdem freiwillig am sp\u00e4ten Nachmittag in die Schule. Anlass war die Teilnahme an der j\u00e4hrlichen internationalen Videokonferenz des Global Meteor Network, zu dem das Humboldt-Gymnasium geh\u00f6rt. Zusammengeschaltet waren Forschungsstandorte auf der ganzen Welt. Dabei waren Teilnehmer aus den amerikanischen Kontinente \u00fcber Europa bis hin nach Ostasien. Vorgestellt wurden die neuesten Techniken und Berechnungen der Meteorbeobachtung. Dabei waren verschiedene Universit\u00e4ten sowie die NASA vertreten. Und mittendrin das Humboldt-Gymnasium! Die Sch\u00fcler des Projektfaches selbst sind es, die unseren Aufbau als Forschungsstandort voranbringen wollen! Nur mit Motivation und eigenem Interesse geht es. So leisten auch wir eines Tages unseren kleinen bescheidenen Beitrag zur Erforschung des Weltraumes. Da kommt man auch gern mal an einem Samstag zur Schule!<\/p>\n","protected":false},"excerpt":{"rendered":"<p>Samstag der 07.02.26 war der erste Tag der Winterferien. Doch die Sch\u00fcler des Projektfaches Astrophysik der 11. und 12. Klasse kamen trotzdem freiwillig am sp\u00e4ten Nachmittag in die Schule. Anlass war die Teilnahme an der j\u00e4hrlichen internationalen Videokonferenz des Global &hellip; <\/p>\n","protected":false},"author":1,"featured_media":16314,"comment_status":"closed","ping_status":"open","sticky":false,"template":"","format":"standard","meta":{"footnotes":""},"categories":[56],"tags":[],"class_list":["post-16313","post","type-post","status-publish","format-standard","has-post-thumbnail","hentry","category-kultur"],"_links":{"self":[{"href":"https:\/\/humboldt-greifswald.de\/web\/wp-json\/wp\/v2\/posts\/16313","targetHints":{"allow":["GET"]}}],"collection":[{"href":"https:\/\/humboldt-greifswald.de\/web\/wp-json\/wp\/v2\/posts"}],"about":[{"href":"https:\/\/humboldt-greifswald.de\/web\/wp-json\/wp\/v2\/types\/post"}],"author":[{"embeddable":true,"href":"https:\/\/humboldt-greifswald.de\/web\/wp-json\/wp\/v2\/users\/1"}],"replies":[{"embeddable":true,"href":"https:\/\/humboldt-greifswald.de\/web\/wp-json\/wp\/v2\/comments?post=16313"}],"version-history":[{"count":1,"href":"https:\/\/humboldt-greifswald.de\/web\/wp-json\/wp\/v2\/posts\/16313\/revisions"}],"predecessor-version":[{"id":16315,"href":"https:\/\/humboldt-greifswald.de\/web\/wp-json\/wp\/v2\/posts\/16313\/revisions\/16315"}],"wp:featuredmedia":[{"embeddable":true,"href":"https:\/\/humboldt-greifswald.de\/web\/wp-json\/wp\/v2\/media\/16314"}],"wp:attachment":[{"href":"https:\/\/humboldt-greifswald.de\/web\/wp-json\/wp\/v2\/media?parent=16313"}],"wp:term":[{"taxonomy":"category","embeddable":true,"href":"https:\/\/humboldt-greifswald.de\/web\/wp-json\/wp\/v2\/categories?post=16313"},{"taxonomy":"post_tag","embeddable":true,"href":"https:\/\/humboldt-greifswald.de\/web\/wp-json\/wp\/v2\/tags?post=16313"}],"curies":[{"name":"wp","href":"https:\/\/api.w.org\/{rel}","templated":true}]}}